{"id":39735,"date":"2020-07-17T06:00:21","date_gmt":"2020-07-17T13:00:21","guid":{"rendered":"https:\/\/devblogs.microsoft.com\/premier-developer\/?p=39735"},"modified":"2020-07-20T08:19:56","modified_gmt":"2020-07-20T15:19:56","slug":"microsoft-design-inclusivo","status":"publish","type":"post","link":"https:\/\/devblogs.microsoft.com\/premier-developer\/microsoft-design-inclusivo\/","title":{"rendered":"Microsoft Design Inclusivo"},"content":{"rendered":"<p>Nesse Post, o Gerente de Desenvolvimento\u00a0 de Aplica\u00e7\u00f5es <a href=\"https:\/\/nam06.safelinks.protection.outlook.com\/?url=https%3A%2F%2Fwww.linkedin.com%2Fin%2Fjulio-madeira%2F&amp;data=02%7C01%7CVishal.Saroopchand%40microsoft.com%7C2614b4bdab6640ba4e0e08d82771e53e%7C72f988bf86f141af91ab2d7cd011db47%7C1%7C0%7C637302717412782120&amp;sdata=Mjz93b2ce1gb8UNE6HvVUHVEymLO5VPW15uQBDfjs3A%3D&amp;reserved=0\">Julio Madeira<\/a>\u00a0explica os princ\u00edpios fundamentais por tr\u00e1s do Design Inclusivo da Microsoft.<\/p>\n<hr \/>\n<p style=\"padding-left: 560px;\"><a href=\"https:\/\/devblogs.microsoft.com\/premier-developer\/microsoft-inclusive-design\/\">Click here for English<\/a><\/p>\n<p>O conceito de Design Thinking \u00e9 muito difundido e conhecido por muitas pessoas na \u00e1rea de Produtos, mas eu queria falar hoje sobre o Microsoft Inclusive Design ou Design Inclusivo da Microsoft em portugu\u00eas.<\/p>\n<p>O Design Inclusivo \u00e9 uma metodologia nascida de ambientes digitais, que possibilita e se baseia em toda a diversidade humana e inclui e aprende com pessoas com diversas perspectivas e necessidades.<\/p>\n<p>Os principais princ\u00edpios de design para o design inclusivo s\u00e3o a exclus\u00e3o, que acontece quando se resolve problemas usando nossos pr\u00f3prios conjunto de preconceitos. Os designers da Microsoft s\u00e3o orientados a procurar essas exclus\u00f5es e us\u00e1-las como oportunidades para criar novas id\u00e9ias e designs inclusivos.<\/p>\n<p>Como desenvolvedor ou designer, geralmente geramos e avaliamos id\u00e9ias com base no que sabemos. N\u00f3s nos esfor\u00e7amos para criar experi\u00eancias que resolvam necessidades, trabalhem bem com o corpo humano e melhorem vidas, mas aqui est\u00e1 o problema: se usarmos nossas pr\u00f3prias habilidades como base, tornaremos as coisas f\u00e1ceis para algumas pessoas, mas dif\u00edceis para todos os outros com algum tipo de limita\u00e7\u00e3o.<\/p>\n<p>O objetivo \u00e9 criar solu\u00e7\u00f5es que possam ser fisicamente, cognitivamente e emocionalmente apropriadas para cada um dos usu\u00e1rios. Come\u00e7a tendo a diversidade humana como um recurso para projetos melhores.<\/p>\n<p>Se usarmos nossas pr\u00f3prias habilidades e preconceitos como ponto de partida, acabaremos com produtos projetados para pessoas de um g\u00eanero espec\u00edfico, idade, habilidade no idioma, conhecimento t\u00e9cnico e capacidade f\u00edsica.<\/p>\n<p>Quando se trata de pessoas, n\u00e3o existe algo como &#8220;normal&#8221;. As intera\u00e7\u00f5es que projetamos com a tecnologia dependem muito do que podemos ver, ouvir, dizer e tocar. Assumir que todos esses sentidos e habilidades est\u00e3o totalmente ativos o tempo todo cria o potencial de ignorar grande parte do alcance das pessoas.<\/p>\n<p>O Design Inclusivo, n\u00e3o apenas abre nossos produtos e experi\u00eancias para mais pessoas com uma gama maior de habilidades mas tamb\u00e9m reflete como as pessoas realmente s\u00e3o. Todos os humanos est\u00e3o evoluindo, mudando e se adaptando ao mundo ao seu redor deles todos os dias. Queremos que nossos produtos e servi\u00e7os reflitam essa diversidade. Toda decis\u00e3o que tomamos pode aumentar ou diminuir as barreiras \u00e0 participa\u00e7\u00e3o na sociedade. \u00c9 nossa<\/p>\n<p>responsabilidade coletiva de diminuir essas barreiras por meio de produtos, servi\u00e7os, ambientes e experi\u00eancias inclusivos.<\/p>\n<p>Os princ\u00edpios do Design Inclusivo s\u00e3o:<\/p>\n<p style=\"padding-left: 40px;\"><strong>1-Reconhecer exclus\u00e3o:<\/strong> a exclus\u00e3o ocorre quando resolvemos problemas usando nossos pr\u00f3prios preconceitos. Hoje, quando falamos de defici\u00eancias e limita\u00e7\u00f5es relacionadas, inclu\u00edmos defici\u00eancias chamadas situacionais ou limita\u00e7\u00f5es de atividades e restri\u00e7\u00f5es tempor\u00e1rias. Abrangemos detalhes espec\u00edficos de indiv\u00edduos e seus ambientes, situa\u00e7\u00f5es e sociedade como um todo. Tamb\u00e9m reflete como as pessoas realmente s\u00e3o, como elas crescem e se adaptam ao mundo ao seu redor e queremos que nosso design reflita isso.<\/p>\n<p style=\"padding-left: 40px;\"><strong>2-Aprenda com a diversidade:<\/strong> Em geral, os humanos s\u00e3o bons em se adaptar a novas situa\u00e7\u00f5es, mas o Design Inclusivo coloca as pessoas no centro do processo de design, tornando-as a chave para o sucesso e sabendo que \u00e9 da diversidade que vem a criatividade, adicionando novas perspectivas para solu\u00e7\u00f5es de problemas.<\/p>\n<p style=\"padding-left: 40px;\"><strong>3-Resolva para um,<\/strong> <strong>estenda para muitos:<\/strong> sabemos que todo mundo tem habilidades e limita\u00e7\u00f5es. O design para pessoas com defici\u00eancias permanentes resulta em um design que beneficia todas as pessoas ao seu redor.<\/p>\n<p>\u00c0s vezes, a exclus\u00e3o pode ser permanente, mas \u00e0s vezes \u00e9 tempor\u00e1ria, at\u00e9 mesmo um ferimento ou contexto de curto prazo afeta a maneira como as pessoas interagem com o mundo ao seu redor, mesmo que por pouco tempo. Pense em olhar para uma luz brilhante, usando gesso ou pedir um jantar em um pa\u00eds estrangeiro.<\/p>\n<p>\u00c0s vezes, a exclus\u00e3o \u00e9 situacional, \u00e0 medida que as pessoas se movem atrav\u00e9s de diferentes ambientes; suas habilidades tamb\u00e9m podem mudar drasticamente. No meio da multid\u00e3o, eles n\u00e3o conseguem ouvir bem. Em um carro, eles s\u00e3o deficientes visuais. Novos pais passam a maior parte do dia realizando tarefas com uma m\u00e3o. Um dia avassalador pode causar sobrecarga sensorial. O que \u00e9 poss\u00edvel, seguro e apropriado est\u00e1 mudando constantemente.<\/p>\n<p><img decoding=\"async\" width=\"1194\" height=\"786\" class=\"wp-image-39736\" src=\"https:\/\/devblogs.microsoft.com\/premier-developer\/wp-content\/uploads\/sites\/31\/2020\/07\/a-picture-containing-clock-description-automatica.png\" alt=\"A picture containing clock Description automatically generated\" srcset=\"https:\/\/devblogs.microsoft.com\/premier-developer\/wp-content\/uploads\/sites\/31\/2020\/07\/a-picture-containing-clock-description-automatica.png 1194w, https:\/\/devblogs.microsoft.com\/premier-developer\/wp-content\/uploads\/sites\/31\/2020\/07\/a-picture-containing-clock-description-automatica-300x197.png 300w, https:\/\/devblogs.microsoft.com\/premier-developer\/wp-content\/uploads\/sites\/31\/2020\/07\/a-picture-containing-clock-description-automatica-1024x674.png 1024w, https:\/\/devblogs.microsoft.com\/premier-developer\/wp-content\/uploads\/sites\/31\/2020\/07\/a-picture-containing-clock-description-automatica-768x506.png 768w\" sizes=\"(max-width: 1194px) 100vw, 1194px\" \/><em>Figur<\/em><em>a<\/em><em> 1<\/em><em> \u2013 Tr\u00eas imagens ilust<\/em><em>r<\/em><em>ando<\/em><em> um homem com apenas um bra\u00e7o, um outro homem com um dos bra\u00e7os machuca<\/em><em>d<\/em><em>o<\/em><em> e uma mulher com um beb\u00ea rec\u00e9m nascido no colo.<\/em><\/p>\n<p>Projetar para pessoas com defici\u00eancias permanentes pode parecer uma restri\u00e7\u00e3o significativa, mas os projetos resultantes podem realmente beneficiar um n\u00famero muito maior de pessoas.<\/p>\n<p>Por exemplo, as legendas (Closed-Caption) foram criadas para a comunidade com defici\u00eancia auditiva, mas h\u00e1 muitos benef\u00edcios em legendas, como ler em um aeroporto lotado ou ensinar as crian\u00e7as a ler.<\/p>\n<p>Da mesma forma, as configura\u00e7\u00f5es de tela de alto contraste foram inicialmente feitas para beneficiar pessoas com defici\u00eancia visual. Hoje, por\u00e9m, muitas pessoas se beneficiam de configura\u00e7\u00f5es de alto contraste quando usam um dispositivo sob luz solar intensa. O mesmo vale para controles remotos, portas autom\u00e1ticas, \u00e1udio-livros, e-mail e muito mais. Projetar com restri\u00e7\u00f5es em mente \u00e9 simplesmente projetar bem.<\/p>\n<p>Ao projetar para algu\u00e9m com uma limita\u00e7\u00e3o situacional tamb\u00e9m pode se beneficiar. Por exemplo, um dispositivo projetado para uma pessoa que tem um bra\u00e7o pode ser usado com a mesma efic\u00e1cia por um pessoa com uma les\u00e3o tempor\u00e1ria no pulso ou um novo pai segurando um beb\u00ea.<\/p>\n<p>\u00c9 por isso que a empatia \u00e9 uma parte importante de muitas formas diferentes de design. Empatia \u00e9 colocar o humano no centro do processo de design. Ao criar empatia pela exclus\u00e3o e incapacidade, \u00e9 enganoso confiar apenas na simula\u00e7\u00e3o de habilidades diferentes, seja atrav\u00e9s de uma venda nos olhos e tamp\u00f5es para os ouvidos. Aprender como as pessoas se adaptam ao mundo ao seu redor significa gastar tempo compreendendo sua experi\u00eancia da perspectiva deles. Quando bem feitos, podemos reconhecer mais do que apenas as barreiras que as pessoas encontram. Tamb\u00e9m reconhecemos as motiva\u00e7\u00f5es que todas as pessoas t\u00eam em comum e ajudam a entender incompatibilidades e motiva\u00e7\u00f5es relacionadas em um espectro de cen\u00e1rios permanentes, tempor\u00e1rios e situacionais.<\/p>\n<p>Benef\u00edcios do design inclusivo A tecnologia projetada atrav\u00e9s de pr\u00e1ticas inclusivas compensa de v\u00e1rias maneiras, incluindo:<\/p>\n<p style=\"padding-left: 40px;\">1. Maior acesso<\/p>\n<p style=\"padding-left: 40px;\">2. Atrito reduzido<\/p>\n<p style=\"padding-left: 40px;\">3. Contexto mais emocional<\/p>\n<p>O impacto do design inclusivo \u00e9 mais do que apenas os produtos que as pessoas usam. \u00c9 tamb\u00e9m uma mudan\u00e7a em nossa mentalidade, m\u00e9todos e comportamentos. O <strong>que<\/strong> projetamos \u00e9 um subproduto de <strong>como<\/strong> projetamos.<\/p>\n<p>Medir os benef\u00edcios inclui medir a mudan\u00e7a em nossa cultura e em n\u00f3s mesmos.<\/p>\n<p>Mais informa\u00e7\u00f5es podem ser encontradas em ingl\u00eas aqui: <a href=\"https:\/\/www.microsoft.com\/design\/inclusive\/\">https:\/\/www.microsoft.com\/design\/inclusive\/<\/a><\/p>\n","protected":false},"excerpt":{"rendered":"<p>O Design Inclusivo n\u00e3o apenas abre nossos produtos e experi\u00eancias para mais pessoas com uma gama maior de habilidades como tamb\u00e9m reflete como as pessoas realmente s\u00e3o. Todos n\u00f3s estamos evoluindo, mudando e se adaptando ao mundo ao seu redor todos os dias. Queremos que nossos projetos reflitam essa diversidade.<\/p>\n","protected":false},"author":582,"featured_media":39736,"comment_status":"open","ping_status":"closed","sticky":false,"template":"","format":"standard","meta":{"_acf_changed":false,"footnotes":""},"categories":[5940,1,4354],"tags":[199,1036,373],"class_list":["post-39735","post","type-post","status-publish","format-standard","has-post-thumbnail","hentry","category-development","category-permierdev","category-ux","tag-design","tag-region_latam","tag-ux"],"acf":[],"blog_post_summary":"<p>O Design Inclusivo n\u00e3o apenas abre nossos produtos e experi\u00eancias para mais pessoas com uma gama maior de habilidades como tamb\u00e9m reflete como as pessoas realmente s\u00e3o. Todos n\u00f3s estamos evoluindo, mudando e se adaptando ao mundo ao seu redor todos os dias. Queremos que nossos projetos reflitam essa diversidade.<\/p>\n","_links":{"self":[{"href":"https:\/\/devblogs.microsoft.com\/premier-developer\/wp-json\/wp\/v2\/posts\/39735","targetHints":{"allow":["GET"]}}],"collection":[{"href":"https:\/\/devblogs.microsoft.com\/premier-developer\/wp-json\/wp\/v2\/posts"}],"about":[{"href":"https:\/\/devblogs.microsoft.com\/premier-developer\/wp-json\/wp\/v2\/types\/post"}],"author":[{"embeddable":true,"href":"https:\/\/devblogs.microsoft.com\/premier-developer\/wp-json\/wp\/v2\/users\/582"}],"replies":[{"embeddable":true,"href":"https:\/\/devblogs.microsoft.com\/premier-developer\/wp-json\/wp\/v2\/comments?post=39735"}],"version-history":[{"count":0,"href":"https:\/\/devblogs.microsoft.com\/premier-developer\/wp-json\/wp\/v2\/posts\/39735\/revisions"}],"wp:featuredmedia":[{"embeddable":true,"href":"https:\/\/devblogs.microsoft.com\/premier-developer\/wp-json\/wp\/v2\/media\/39736"}],"wp:attachment":[{"href":"https:\/\/devblogs.microsoft.com\/premier-developer\/wp-json\/wp\/v2\/media?parent=39735"}],"wp:term":[{"taxonomy":"category","embeddable":true,"href":"https:\/\/devblogs.microsoft.com\/premier-developer\/wp-json\/wp\/v2\/categories?post=39735"},{"taxonomy":"post_tag","embeddable":true,"href":"https:\/\/devblogs.microsoft.com\/premier-developer\/wp-json\/wp\/v2\/tags?post=39735"}],"curies":[{"name":"wp","href":"https:\/\/api.w.org\/{rel}","templated":true}]}}